{"id":1184,"date":"2018-10-15T10:19:34","date_gmt":"2018-10-15T08:19:34","guid":{"rendered":"https:\/\/www.fact-finder.de\/blog\/?p=1184"},"modified":"2025-02-19T17:10:35","modified_gmt":"2025-02-19T16:10:35","slug":"9-facts-die-sie-ueber-den-blackfriday-wissen-sollten","status":"publish","type":"post","link":"\/blog\/de\/9-facts-die-sie-ueber-den-blackfriday-wissen-sollten\/","title":{"rendered":"9 Facts, die Sie \u00fcber den Black Friday wissen sollten"},"content":{"rendered":"<div class=\"wpb-content-wrapper\"><div class=\"vc_row wpb_row vc_row-fluid\"><div class=\"wpb_column vc_column_container vc_col-sm-12\"><div class=\"vc_column-inner\"><div class=\"wpb_wrapper\">\n\t<div class=\"wpb_text_column wpb_content_element\" >\n\t\t<div class=\"wpb_wrapper\">\n\t\t\t<p>Der Black Friday steht vor der T\u00fcr. Basierend auf aktuellen Studien haben wir Ihnen neun Facts zu einem der wichtigsten Shopping-Tagen des Jahres zusammengefasst.\u00a0<!--more--><\/p>\n\n\t\t<\/div>\n\t<\/div>\n<div class=\"vc_separator wpb_content_element vc_separator_align_center vc_sep_width_100 vc_sep_pos_align_center vc_separator_no_text vc_sep_color_grey wpb_content_element  wpb_content_element\" ><span class=\"vc_sep_holder vc_sep_holder_l\"><span class=\"vc_sep_line\"><\/span><\/span><span class=\"vc_sep_holder vc_sep_holder_r\"><span class=\"vc_sep_line\"><\/span><\/span>\n<\/div><\/div><\/div><\/div><\/div><div class=\"vc_row wpb_row vc_row-fluid\"><div class=\"wpb_column vc_column_container vc_col-sm-12\"><div class=\"vc_column-inner\"><div class=\"wpb_wrapper\">\n\t<div class=\"wpb_text_column wpb_content_element\" >\n\t\t<div class=\"wpb_wrapper\">\n\t\t\t<h3>Der 23. November \u2013 Startschuss f\u00fcr die Weihnachtssaison<\/h3>\n<p>Der Black Friday wurde vom amerikanischen Einzelhandel ins Leben gerufen und findet jedes Jahr am Freitag nach Thanksgiving statt. In diesem Jahr wird die Weihnachtseinkaufssaison damit am 23. November eingeleitet. Die Schn\u00e4ppchenjagd ist aber nicht auf diesen einen Freitag im November beschr\u00e4nkt. Der Cyber Monday (26. November) wurde urspr\u00fcnglich als Black Friday des Onlinehandels ins Leben gerufen. Inzwischen bieten \u00a0insbesondere deutsche Online-H\u00e4ndler w\u00e4hrend der gesamten Cyber-Woche im Zeitraum vom 19. bis einschlie\u00dflich 26. November 2018 Rabattaktionen, Sonderangebote und kostenlose Lieferungen.<\/p>\n\n\t\t<\/div>\n\t<\/div>\n<\/div><\/div><\/div><\/div><div class=\"vc_row wpb_row vc_row-fluid\"><div class=\"wpb_column vc_column_container vc_col-sm-12\"><div class=\"vc_column-inner\"><div class=\"wpb_wrapper\">\n\t<div class=\"wpb_text_column wpb_content_element\" >\n\t\t<div class=\"wpb_wrapper\">\n\t\t\t<h3>Der Black Friday in Deutschland \u2013 bereits zum 13. Mal<\/h3>\n<p>In Deutschland findet der Black Friday in diesem Jahr bereits zum dreizehnten Mal statt. Apple brachte den amerikanischen Shopping-Tag erstmals nach Deutschland. Urspr\u00fcnglich nutzte der Elektronik-Hersteller aus den USA Verg\u00fcnstigungen als Mittel, um den stockenden Absatz des Ipods wieder anzukurbeln. Inzwischen k\u00f6nnen Online Shopper w\u00e4hrend der Cyber-Woche in hunderten Shops durchschnittlich 40,1% sparen. Den Cyber Monday gibt es \u00fcbrigens erst seit 2010.<\/p>\n\n\t\t<\/div>\n\t<\/div>\n<\/div><\/div><\/div><\/div><div class=\"vc_row wpb_row vc_row-fluid\"><div class=\"wpb_column vc_column_container vc_col-sm-12\"><div class=\"vc_column-inner\"><div class=\"wpb_wrapper\">\n\t<div class=\"wpb_text_column wpb_content_element\" >\n\t\t<div class=\"wpb_wrapper\">\n\t\t\t<h3>6 von 10 Deutschen kaufen am Black Friday ein<\/h3>\n<p>Laut einer Studie der Shopping Community mydealz.de ist der amerikanische Shopping-Tag auch in Europa angekommen. 88,8% der Deutschen ist der Black Friday bekannt und weitere 62,3% planen an diesem Tag auch tats\u00e4chlich einzukaufen. Darunter befinden sich 41,3% Small Spender (Eink\u00e4ufe unter 100\u20ac), 17,5% Medium Spender (100\u20ac &#8211; 300\u20ac) und 4,4% Big Spender (\u00fcber 300\u20ac).<\/p>\n\n\t\t<\/div>\n\t<\/div>\n\n\t<div  class=\"wpb_single_image wpb_content_element vc_align_&#8220;center&#8220; wpb_content_element\">\n\t\t\n\t\t<figure class=\"wpb_wrapper vc_figure\">\n\t\t\t<div class=\"vc_single_image-wrapper   vc_box_border_grey\"><\/div>\n\t\t<\/figure>\n\t<\/div>\n<\/div><\/div><\/div><\/div><div class=\"vc_row wpb_row vc_row-fluid\"><div class=\"wpb_column vc_column_container vc_col-sm-12\"><div class=\"vc_column-inner\"><div class=\"wpb_wrapper\">\n\t<div class=\"wpb_text_column wpb_content_element\" >\n\t\t<div class=\"wpb_wrapper\">\n\t\t\t<h3>Kosmetik liegt auf Rang eins der geplanten K\u00e4ufe<\/h3>\n<p>Der Black Friday wurde in Deutschland zuerst von Elektronik-Herstellern \u00fcbernommen. \u00dcberraschenderweise befinden sich Elektronikartikel aber nicht unter den Top 5 der geplanten Eink\u00e4ufe. Vielmehr werden die ersten R\u00e4nge von Kosmetik (36,3%), Mode (32,3%) und Lebensmitteln (29,4%) besetzt. Auf Rang vier und f\u00fcnf folgen die Gattungen M\u00f6bel &amp; Deko (28,3%) sowie Sport und Freizeit (26,6%).<\/p>\n\n\t\t<\/div>\n\t<\/div>\n\n\t<div  class=\"wpb_single_image wpb_content_element vc_align_&#8220;center&#8220; wpb_content_element\">\n\t\t\n\t\t<figure class=\"wpb_wrapper vc_figure\">\n\t\t\t<div class=\"vc_single_image-wrapper   vc_box_border_grey\"><\/div>\n\t\t<\/figure>\n\t<\/div>\n<\/div><\/div><\/div><\/div><div class=\"vc_row wpb_row vc_row-fluid\"><div class=\"wpb_column vc_column_container vc_col-sm-12\"><div class=\"vc_column-inner\"><div class=\"wpb_wrapper\">\n\t<div class=\"wpb_text_column wpb_content_element\" >\n\t\t<div class=\"wpb_wrapper\">\n\t\t\t<h3>Online-Shopper sind abends unterwegs<\/h3>\n<p>Eine Studie von Salesforce zeigt, wie sich Online-Shopper am Black Friday verhalten werden. Zum Beispiel werden Nutzer am liebsten abends shoppen, die meisten Bestellungen werden zwischen 20 und 22 Uhr eingehen. Des Weiteren werden 40% der Shopper ihr Smartphone nutzen, um eine Bestellung zu t\u00e4tigen.<\/p>\n<p>Eine Studie von eTracker stellte jetzt fest, dass an den Tagen des Cyber-Weekends der Traffic zu mehr als 50% von mobilen Ger\u00e4ten kommt. Die Umsatz-Anteile sind im Desktop-Bereich aber nach wie vor h\u00f6her. Das zeigt, wie wichtig es ist, die gesamte Kaufstrecke Ihres <a href=\"\/blog\/infografik-interne-suche-hebel-fuer-mobile-wachstum\/\" class=\"broken_link\">Online-Shops mobil zu optimieren<\/a>.<\/p>\n<p>Stellen Sie sicher, dass Sie wissen, warum die suche auf Mobile entscheidend ist:<\/p>\n\n\t\t<\/div>\n\t<\/div>\n\n\t<div  class=\"wpb_single_image wpb_content_element vc_align_&#8220;center&#8220; wpb_content_element\">\n\t\t\n\t\t<figure class=\"wpb_wrapper vc_figure\">\n\t\t\t<a href=\"\" target=\"&#8220;_blank&#8220;\" class=\"vc_single_image-wrapper   vc_box_border_grey\"><\/a>\n\t\t<\/figure>\n\t<\/div>\n<\/div><\/div><\/div><\/div><div class=\"vc_row wpb_row vc_row-fluid\"><div class=\"wpb_column vc_column_container vc_col-sm-12\"><div class=\"vc_column-inner\"><div class=\"wpb_wrapper\">\n\t<div class=\"wpb_text_column wpb_content_element\" >\n\t\t<div class=\"wpb_wrapper\">\n\t\t\t<h3>Die Suche nach den besten Deals<\/h3>\n<p>Auf der Suche nach den besten Deals recherchieren viele Shopper gr\u00fcndlich, bevor es zu einem Kauf kommt. Preise werden verglichen und Versandoptionen gecheckt. Laut einer Studie von retailmenot.com nutzen 81% der Shopper <a href=\"\/media\/news-articles\/fact-finder-in-hybris-omnichannel-commerce-loesungen-integriert.html\">bis zu 6 unterschiedliche Kan\u00e4le<\/a>, um sich zu informieren. Laut Salesforce werden f\u00fcr diese Recherche \u00fcberwiegend die folgenden Kan\u00e4le genutzt: Webseite (74%), E-Mails (43%), Social Media (38%) und mobile Apps des H\u00e4ndlers (36%).<\/p>\n\n\t\t<\/div>\n\t<\/div>\n<\/div><\/div><\/div><\/div><div class=\"vc_row wpb_row vc_row-fluid\"><div class=\"wpb_column vc_column_container vc_col-sm-12\"><div class=\"vc_column-inner\"><div class=\"wpb_wrapper\">\n\t<div class=\"wpb_text_column wpb_content_element\" >\n\t\t<div class=\"wpb_wrapper\">\n\t\t\t<h3>Aufgepasst! Cyber-Kriminalit\u00e4t<\/h3>\n<p>F\u00fcr Cyberkriminelle ist der Black Friday ein Paradies. Ums\u00e4tze in Milliardenh\u00f6he und Nutzer im Schn\u00e4ppchenfieber warten geradezu darauf, \u00fcber den Tisch gezogen zu werden. Um es Langfingern m\u00f6glichst schwer zu machen, Zahlungsdaten abzufangen, sollten Konsumenten besonders auf Pr\u00fcfsiegel und eine verschl\u00fcsselte Daten\u00fcbertragung achten. Als Shop-Betreiber sollten Sie deshalb Pr\u00fcfsiegel und vertrauen spendende Features prominent platzieren. Ihre Kunden werden es Ihnen danken und entspannter einkaufen.<\/p>\n\n\t\t<\/div>\n\t<\/div>\n<\/div><\/div><\/div><\/div><div class=\"vc_row wpb_row vc_row-fluid\"><div class=\"wpb_column vc_column_container vc_col-sm-12\"><div class=\"vc_column-inner\"><div class=\"wpb_wrapper\">\n\t<div class=\"wpb_text_column wpb_content_element\" >\n\t\t<div class=\"wpb_wrapper\">\n\t\t\t<h3>Achtung: Abmahnrisiko<\/h3>\n<p>W\u00e4hrend sich Online-H\u00e4ndler auf den ganz gro\u00dfen Umsatz am Black Friday freuen, sind auch Abmahnanw\u00e4lte auf gro\u00dfe F\u00e4nge aus. Tats\u00e4chlich ist der Begriff \u201eBlack Friday\u201c n\u00e4mlich beim DPMA als Wortmarke eingetragen. Die Nutzungsrechte liegen aktuell bei der Black Friday GmbH aus M\u00fcnchen und das f\u00fcr Einzelhandels- oder Gro\u00dfhandelsdienstleistungen, Werbung, Werbeanzeigen und Marketing. F\u00fcr Shop-Betreiber bedeutet das ganz klar: keine Werbung mit dem Begriff, kein \u201eBlack Friday Sale\u201c. Zwar darf der Begriff beschreibend genutzt werden (z.B. \u201eZum heutigen Black Friday haben wir diese Angebote f\u00fcr Sie!\u201c), wer aber komplett darauf verzichtet, befindet sich auf der sicheren Seiten und riskiert keine teure Abmahnungen.<\/p>\n\n\t\t<\/div>\n\t<\/div>\n<\/div><\/div><\/div><\/div><div class=\"vc_row wpb_row vc_row-fluid\"><div class=\"wpb_column vc_column_container vc_col-sm-12\"><div class=\"vc_column-inner\"><div class=\"wpb_wrapper\">\n\t<div class=\"wpb_text_column wpb_content_element\" >\n\t\t<div class=\"wpb_wrapper\">\n\t\t\t<h3>Black Friday verpasst? Keine Sorge<\/h3>\n<p>Salesforce prognostiziert f\u00fcr die Cyber-Woche 2018 die st\u00e4rksten Rabatte und h\u00f6chste Angebots-Dichte des Jahres. Trotzdem gibt es sowohl f\u00fcr Shopper als auch f\u00fcr Shop-Betreiber weitere umsatzstarke Shopping-Tage vor Weihnachten. Laut retailmenot.com bringen die folgenden Tage die h\u00f6chsten Ums\u00e4tze.<\/p>\n\n\t\t<\/div>\n\t<\/div>\n\n\t<div  class=\"wpb_single_image wpb_content_element vc_align_&#8220;center&#8220; wpb_content_element\">\n\t\t\n\t\t<figure class=\"wpb_wrapper vc_figure\">\n\t\t\t<div class=\"vc_single_image-wrapper   vc_box_border_grey\"><\/div>\n\t\t<\/figure>\n\t<\/div>\n\n\t<div class=\"wpb_text_column wpb_content_element\" >\n\t\t<div class=\"wpb_wrapper\">\n\t\t\t<p>Zudem entwickelt sich die Cyber-Woche mehr und mehr zu einem Cyber-Monat. Angebote der Hersteller beginnen fr\u00fcher und dauern l\u00e4nger an.<\/p>\n\n\t\t<\/div>\n\t<\/div>\n<div class=\"vc_btn3-container vc_btn3-&#8220;center&#8220; vc_do_btn\" ><button class=\"vc_general vc_btn3 vc_btn3-size-&#8220;lg&#8220; vc_btn3-shape-&#8220;round&#8220; vc_btn3-style-modern vc_btn3-color-&#8220;primary&#8220;\">&#8220;Wie<\/button><\/div><div class=\"vc_separator wpb_content_element vc_separator_align_center vc_sep_width_100 vc_sep_pos_align_center vc_sep_color_grey wpb_content_element vc_separator-has-text\" ><span class=\"vc_sep_holder vc_sep_holder_l\"><span class=\"vc_sep_line\"><\/span><\/span><h4>&#8220;Passend<\/h4><span class=\"vc_sep_holder vc_sep_holder_r\"><span class=\"vc_sep_line\"><\/span><\/span>\n<\/div>\n<div class=\"vc_grid-container-wrapper vc_clearfix vc_grid-animation-zoomIn\">\n\t<div class=\"vc_grid-container vc_clearfix wpb_content_element vc_masonry_grid\" data-initial-loading-animation=\"zoomIn\" data-vc-grid-settings=\"{&quot;page_id&quot;:1184,&quot;style&quot;:&quot;\\u201cload-more\\u201c-masonry&quot;,&quot;action&quot;:&quot;vc_get_vc_grid_data&quot;,&quot;shortcode_id&quot;:&quot;1632302343448-3b7cad10-c7a2-9&quot;,&quot;tag&quot;:&quot;vc_masonry_grid&quot;}\" data-vc-request=\"https:\/\/www.fact-finder.de\/blog\/de\/wp-admin\/admin-ajax.php\" data-vc-post-id=\"1184\" data-vc-public-nonce=\"77a3cefe6e\">\n\t\t\n\t<\/div>\n<\/div><\/div><\/div><\/div><\/div><div class=\"vc_row wpb_row vc_row-fluid\"><div class=\"wpb_column vc_column_container vc_col-sm-12\"><div class=\"vc_column-inner\"><div class=\"wpb_wrapper\">\n\t<div class=\"wpb_text_column wpb_content_element\" >\n\t\t<div class=\"wpb_wrapper\">\n\t\t\t<p>Quellen:<\/p>\n<p><em>Pepper Media Holding GmbH &amp; mydealz.de:<br \/>\n<\/em><a href=\"https:\/\/www.presseportal.de\/pm\/111715\/3780640\"><em>https:\/\/www.presseportal.de\/pm\/111715\/3780640<\/em><\/a><\/p>\n<p><em>Salesforce:<br \/>\n<\/em><a href=\"https:\/\/www.salesforce.com\/company\/news-press\/press-releases\/2017\/09\/170925.jsp\"><em>https:\/\/www.salesforce.com\/company\/news-press\/press-releases\/2017\/09\/170925.jsp<\/em><\/a><\/p>\n<p><em>Pepper Media Holding GmbH:<br \/>\n<\/em><a href=\"https:\/\/www.presseportal.de\/pm\/111715\/3776509\"><em>https:\/\/www.presseportal.de\/pm\/111715\/3776509<\/em><\/a><\/p>\n<p><em>Shopware:<br \/>\n<\/em><em>https:\/\/de.shopware.com\/news\/black-friday-sale-geplant-dann-droht-die-abmahnung\/<\/em><\/p>\n\n\t\t<\/div>\n\t<\/div>\n<\/div><\/div><\/div><\/div>\n<\/div>","protected":false},"excerpt":{"rendered":"<p>Der Black Friday steht vor der T\u00fcr. Basierend auf aktuellen Studien haben wir Ihnen neun Facts zu einem der wichtigsten Shopping-Tagen des Jahres zusammengefasst.\u00a0<\/p>\n","protected":false},"author":2,"featured_media":1186,"comment_status":"open","ping_status":"open","sticky":false,"template":"","format":"standard","meta":{"inline_featured_image":false,"footnotes":""},"categories":[237,240,4],"tags":[180,94,95],"class_list":["post-1184","post","type-post","status-publish","format-standard","has-post-thumbnail","hentry","category-b2b-ecommerce","category-b2c-ecommerce","category-tipps_und_tricks","tag-b2b-ecommerce","tag-shop-betreiber","tag-shop-optimierung"],"yoast_head":"<!-- This site is optimized with the Yoast SEO plugin v27.5 - https:\/\/yoast.com\/product\/yoast-seo-wordpress\/ -->\n<title>9 Facts, die Sie \u00fcber den Black Friday wissen sollten - FactFinder blog<\/title>\n<meta name=\"description\" content=\"Black Friday steht vor der T\u00fcr - hier sind 9 Facts, die Shop-Betreiber f\u00fcr den beliebtesten Shopping-Tag des Jahres unbedingt wissen sollten.\" \/>\n<meta name=\"robots\" content=\"index, follow, max-snippet:-1, max-image-preview:large, max-video-preview:-1\" \/>\n<link rel=\"canonical\" href=\"https:\/\/www.fact-finder.de\/blog\/de\/9-facts-die-sie-ueber-den-blackfriday-wissen-sollten\/\" \/>\n<meta property=\"og:locale\" content=\"de_DE\" \/>\n<meta property=\"og:type\" content=\"article\" \/>\n<meta property=\"og:title\" content=\"9 Facts, die Sie \u00fcber den Black Friday wissen sollten - FactFinder blog\" \/>\n<meta property=\"og:description\" content=\"Black Friday steht vor der T\u00fcr - hier sind 9 Facts, die Shop-Betreiber f\u00fcr den beliebtesten Shopping-Tag des Jahres unbedingt wissen sollten.\" \/>\n<meta property=\"og:url\" content=\"https:\/\/www.fact-finder.de\/blog\/de\/9-facts-die-sie-ueber-den-blackfriday-wissen-sollten\/\" \/>\n<meta property=\"og:site_name\" content=\"FactFinder blog\" \/>\n<meta property=\"article:publisher\" content=\"https:\/\/www.facebook.com\/eCommerce.search\" \/>\n<meta property=\"article:published_time\" content=\"2018-10-15T08:19:34+00:00\" \/>\n<meta property=\"article:modified_time\" content=\"2025-02-19T16:10:35+00:00\" \/>\n<meta property=\"og:image\" content=\"https:\/\/www.fact-finder.de\/blog\/de\/wp-content\/uploads\/2017\/11\/BlackFriday_Header_840x420.png\" \/>\n\t<meta property=\"og:image:width\" content=\"840\" \/>\n\t<meta property=\"og:image:height\" content=\"420\" \/>\n\t<meta property=\"og:image:type\" content=\"image\/png\" \/>\n<meta name=\"author\" content=\"Jasmin Herb\" \/>\n<meta name=\"twitter:card\" content=\"summary_large_image\" \/>\n<meta name=\"twitter:creator\" content=\"@bleich_j\" \/>\n<meta name=\"twitter:site\" content=\"@fact_finder\" \/>\n<meta name=\"twitter:label1\" content=\"Verfasst von\" \/>\n\t<meta name=\"twitter:data1\" content=\"Jasmin Herb\" \/>\n\t<meta name=\"twitter:label2\" content=\"Gesch\u00e4tzte Lesezeit\" \/>\n\t<meta name=\"twitter:data2\" content=\"5\u00a0Minuten\" \/>\n<script type=\"application\/ld+json\" class=\"yoast-schema-graph\">{\"@context\":\"https:\\\/\\\/schema.org\",\"@graph\":[{\"@type\":\"Article\",\"@id\":\"https:\\\/\\\/www.fact-finder.de\\\/blog\\\/de\\\/9-facts-die-sie-ueber-den-blackfriday-wissen-sollten\\\/#article\",\"isPartOf\":{\"@id\":\"https:\\\/\\\/www.fact-finder.de\\\/blog\\\/de\\\/9-facts-die-sie-ueber-den-blackfriday-wissen-sollten\\\/\"},\"author\":{\"name\":\"Jasmin Herb\",\"@id\":\"https:\\\/\\\/www.fact-finder.de\\\/blog\\\/de\\\/#\\\/schema\\\/person\\\/43e5e42e5216144ca6815046b7792613\"},\"headline\":\"9 Facts, die Sie \u00fcber den Black Friday wissen sollten\",\"datePublished\":\"2018-10-15T08:19:34+00:00\",\"dateModified\":\"2025-02-19T16:10:35+00:00\",\"mainEntityOfPage\":{\"@id\":\"https:\\\/\\\/www.fact-finder.de\\\/blog\\\/de\\\/9-facts-die-sie-ueber-den-blackfriday-wissen-sollten\\\/\"},\"wordCount\":1112,\"commentCount\":1,\"publisher\":{\"@id\":\"https:\\\/\\\/www.fact-finder.de\\\/blog\\\/de\\\/#organization\"},\"image\":{\"@id\":\"https:\\\/\\\/www.fact-finder.de\\\/blog\\\/de\\\/9-facts-die-sie-ueber-den-blackfriday-wissen-sollten\\\/#primaryimage\"},\"thumbnailUrl\":\"https:\\\/\\\/www.fact-finder.de\\\/blog\\\/de\\\/wp-content\\\/uploads\\\/2017\\\/11\\\/BlackFriday_Header_840x420.png\",\"keywords\":[\"B2B eCommerce\",\"Shop Betreiber\",\"Shop-Optimierung\"],\"articleSection\":[\"B2B eCommerce\",\"B2C eCommerce\",\"eCommerce How-to\"],\"inLanguage\":\"de\",\"potentialAction\":[{\"@type\":\"CommentAction\",\"name\":\"Comment\",\"target\":[\"https:\\\/\\\/www.fact-finder.de\\\/blog\\\/de\\\/9-facts-die-sie-ueber-den-blackfriday-wissen-sollten\\\/#respond\"]}]},{\"@type\":\"WebPage\",\"@id\":\"https:\\\/\\\/www.fact-finder.de\\\/blog\\\/de\\\/9-facts-die-sie-ueber-den-blackfriday-wissen-sollten\\\/\",\"url\":\"https:\\\/\\\/www.fact-finder.de\\\/blog\\\/de\\\/9-facts-die-sie-ueber-den-blackfriday-wissen-sollten\\\/\",\"name\":\"9 Facts, die Sie \u00fcber den Black Friday wissen sollten - FactFinder blog\",\"isPartOf\":{\"@id\":\"https:\\\/\\\/www.fact-finder.de\\\/blog\\\/de\\\/#website\"},\"primaryImageOfPage\":{\"@id\":\"https:\\\/\\\/www.fact-finder.de\\\/blog\\\/de\\\/9-facts-die-sie-ueber-den-blackfriday-wissen-sollten\\\/#primaryimage\"},\"image\":{\"@id\":\"https:\\\/\\\/www.fact-finder.de\\\/blog\\\/de\\\/9-facts-die-sie-ueber-den-blackfriday-wissen-sollten\\\/#primaryimage\"},\"thumbnailUrl\":\"https:\\\/\\\/www.fact-finder.de\\\/blog\\\/de\\\/wp-content\\\/uploads\\\/2017\\\/11\\\/BlackFriday_Header_840x420.png\",\"datePublished\":\"2018-10-15T08:19:34+00:00\",\"dateModified\":\"2025-02-19T16:10:35+00:00\",\"description\":\"Black Friday steht vor der T\u00fcr - hier sind 9 Facts, die Shop-Betreiber f\u00fcr den beliebtesten Shopping-Tag des Jahres unbedingt wissen sollten.\",\"breadcrumb\":{\"@id\":\"https:\\\/\\\/www.fact-finder.de\\\/blog\\\/de\\\/9-facts-die-sie-ueber-den-blackfriday-wissen-sollten\\\/#breadcrumb\"},\"inLanguage\":\"de\",\"potentialAction\":[{\"@type\":\"ReadAction\",\"target\":[\"https:\\\/\\\/www.fact-finder.de\\\/blog\\\/de\\\/9-facts-die-sie-ueber-den-blackfriday-wissen-sollten\\\/\"]}]},{\"@type\":\"ImageObject\",\"inLanguage\":\"de\",\"@id\":\"https:\\\/\\\/www.fact-finder.de\\\/blog\\\/de\\\/9-facts-die-sie-ueber-den-blackfriday-wissen-sollten\\\/#primaryimage\",\"url\":\"https:\\\/\\\/www.fact-finder.de\\\/blog\\\/de\\\/wp-content\\\/uploads\\\/2017\\\/11\\\/BlackFriday_Header_840x420.png\",\"contentUrl\":\"https:\\\/\\\/www.fact-finder.de\\\/blog\\\/de\\\/wp-content\\\/uploads\\\/2017\\\/11\\\/BlackFriday_Header_840x420.png\",\"width\":840,\"height\":420,\"caption\":\"BlackFriday Header 840x420\"},{\"@type\":\"BreadcrumbList\",\"@id\":\"https:\\\/\\\/www.fact-finder.de\\\/blog\\\/de\\\/9-facts-die-sie-ueber-den-blackfriday-wissen-sollten\\\/#breadcrumb\",\"itemListElement\":[{\"@type\":\"ListItem\",\"position\":1,\"name\":\"Startseite\",\"item\":\"https:\\\/\\\/www.fact-finder.de\\\/blog\\\/de\\\/\"},{\"@type\":\"ListItem\",\"position\":2,\"name\":\"9 Facts, die Sie \u00fcber den Black Friday wissen sollten\"}]},{\"@type\":\"WebSite\",\"@id\":\"https:\\\/\\\/www.fact-finder.de\\\/blog\\\/de\\\/#website\",\"url\":\"https:\\\/\\\/www.fact-finder.de\\\/blog\\\/de\\\/\",\"name\":\"FactFinder blog\",\"description\":\"eCommerce Trends &amp; Insights, Tipps &amp; Tricks\",\"publisher\":{\"@id\":\"https:\\\/\\\/www.fact-finder.de\\\/blog\\\/de\\\/#organization\"},\"potentialAction\":[{\"@type\":\"SearchAction\",\"target\":{\"@type\":\"EntryPoint\",\"urlTemplate\":\"https:\\\/\\\/www.fact-finder.de\\\/blog\\\/de\\\/?s={search_term_string}\"},\"query-input\":{\"@type\":\"PropertyValueSpecification\",\"valueRequired\":true,\"valueName\":\"search_term_string\"}}],\"inLanguage\":\"de\"},{\"@type\":\"Organization\",\"@id\":\"https:\\\/\\\/www.fact-finder.de\\\/blog\\\/de\\\/#organization\",\"name\":\"Omikron Data Quality GmbH\",\"url\":\"https:\\\/\\\/www.fact-finder.de\\\/blog\\\/de\\\/\",\"logo\":{\"@type\":\"ImageObject\",\"inLanguage\":\"de\",\"@id\":\"https:\\\/\\\/www.fact-finder.de\\\/blog\\\/de\\\/#\\\/schema\\\/logo\\\/image\\\/\",\"url\":\"https:\\\/\\\/www.fact-finder.de\\\/blog\\\/de\\\/wp-content\\\/uploads\\\/2024\\\/01\\\/fact-finder_logo.svg\",\"contentUrl\":\"https:\\\/\\\/www.fact-finder.de\\\/blog\\\/de\\\/wp-content\\\/uploads\\\/2024\\\/01\\\/fact-finder_logo.svg\",\"width\":180,\"height\":52,\"caption\":\"Omikron Data Quality GmbH\"},\"image\":{\"@id\":\"https:\\\/\\\/www.fact-finder.de\\\/blog\\\/de\\\/#\\\/schema\\\/logo\\\/image\\\/\"},\"sameAs\":[\"https:\\\/\\\/www.facebook.com\\\/eCommerce.search\",\"https:\\\/\\\/x.com\\\/fact_finder\",\"https:\\\/\\\/www.instagram.com\\\/factfinder_ecommerce\\\/\",\"https:\\\/\\\/www.linkedin.com\\\/company\\\/fact-finder\\\/\",\"https:\\\/\\\/www.youtube.com\\\/user\\\/SearchAndNavigation\"]},{\"@type\":\"Person\",\"@id\":\"https:\\\/\\\/www.fact-finder.de\\\/blog\\\/de\\\/#\\\/schema\\\/person\\\/43e5e42e5216144ca6815046b7792613\",\"name\":\"Jasmin Herb\",\"image\":{\"@type\":\"ImageObject\",\"inLanguage\":\"de\",\"@id\":\"https:\\\/\\\/secure.gravatar.com\\\/avatar\\\/1b2024f929cf892f9101252874fd1d3bc8d4937a578309fe88115a151fb4ace1?s=96&d=mm&r=g\",\"url\":\"https:\\\/\\\/secure.gravatar.com\\\/avatar\\\/1b2024f929cf892f9101252874fd1d3bc8d4937a578309fe88115a151fb4ace1?s=96&d=mm&r=g\",\"contentUrl\":\"https:\\\/\\\/secure.gravatar.com\\\/avatar\\\/1b2024f929cf892f9101252874fd1d3bc8d4937a578309fe88115a151fb4ace1?s=96&d=mm&r=g\",\"caption\":\"Jasmin Herb\"},\"description\":\"Jasmin Herb ist Inbound Marketing Specialist im FACT-Finder Marketing Team. Sie ist spezialisiert in den Bereichen Social Media Marketing, Content Marketing, Search Engine Optimization \\\/ Search Engine Advertising, Conversion Optimization und Public Relations. Seit Ihrer T\u00e4tigkeit bei FACT-Finder, konnte Sie sich ein tiefes Verst\u00e4ndnis rund um den eCommerce, Product Data Quality, Retail Strategien, Conversion Optimierung und den aktuellsten Retail-Trends aneignen. In 2011 schloss Jasmin Ihr Studium an der Hochschule Pforzheim als Bachelor of Science f\u00fcr Marketing und Kommunikationswissenschaften ab.\",\"sameAs\":[\"https:\\\/\\\/de.linkedin.com\\\/in\\\/jasmin-bleich-76645677\",\"https:\\\/\\\/x.com\\\/bleich_j\"]}]}<\/script>\n<!-- \/ Yoast SEO plugin. -->","yoast_head_json":{"title":"9 Facts, die Sie \u00fcber den Black Friday wissen sollten - FactFinder blog","description":"Black Friday steht vor der T\u00fcr - hier sind 9 Facts, die Shop-Betreiber f\u00fcr den beliebtesten Shopping-Tag des Jahres unbedingt wissen sollten.","robots":{"index":"index","follow":"follow","max-snippet":"max-snippet:-1","max-image-preview":"max-image-preview:large","max-video-preview":"max-video-preview:-1"},"canonical":"https:\/\/www.fact-finder.de\/blog\/de\/9-facts-die-sie-ueber-den-blackfriday-wissen-sollten\/","og_locale":"de_DE","og_type":"article","og_title":"9 Facts, die Sie \u00fcber den Black Friday wissen sollten - FactFinder blog","og_description":"Black Friday steht vor der T\u00fcr - hier sind 9 Facts, die Shop-Betreiber f\u00fcr den beliebtesten Shopping-Tag des Jahres unbedingt wissen sollten.","og_url":"https:\/\/www.fact-finder.de\/blog\/de\/9-facts-die-sie-ueber-den-blackfriday-wissen-sollten\/","og_site_name":"FactFinder blog","article_publisher":"https:\/\/www.facebook.com\/eCommerce.search","article_published_time":"2018-10-15T08:19:34+00:00","article_modified_time":"2025-02-19T16:10:35+00:00","og_image":[{"width":840,"height":420,"url":"https:\/\/www.fact-finder.de\/blog\/de\/wp-content\/uploads\/2017\/11\/BlackFriday_Header_840x420.png","type":"image\/png"}],"author":"Jasmin Herb","twitter_card":"summary_large_image","twitter_creator":"@bleich_j","twitter_site":"@fact_finder","twitter_misc":{"Verfasst von":"Jasmin Herb","Gesch\u00e4tzte Lesezeit":"5\u00a0Minuten"},"schema":{"@context":"https:\/\/schema.org","@graph":[{"@type":"Article","@id":"https:\/\/www.fact-finder.de\/blog\/de\/9-facts-die-sie-ueber-den-blackfriday-wissen-sollten\/#article","isPartOf":{"@id":"https:\/\/www.fact-finder.de\/blog\/de\/9-facts-die-sie-ueber-den-blackfriday-wissen-sollten\/"},"author":{"name":"Jasmin Herb","@id":"https:\/\/www.fact-finder.de\/blog\/de\/#\/schema\/person\/43e5e42e5216144ca6815046b7792613"},"headline":"9 Facts, die Sie \u00fcber den Black Friday wissen sollten","datePublished":"2018-10-15T08:19:34+00:00","dateModified":"2025-02-19T16:10:35+00:00","mainEntityOfPage":{"@id":"https:\/\/www.fact-finder.de\/blog\/de\/9-facts-die-sie-ueber-den-blackfriday-wissen-sollten\/"},"wordCount":1112,"commentCount":1,"publisher":{"@id":"https:\/\/www.fact-finder.de\/blog\/de\/#organization"},"image":{"@id":"https:\/\/www.fact-finder.de\/blog\/de\/9-facts-die-sie-ueber-den-blackfriday-wissen-sollten\/#primaryimage"},"thumbnailUrl":"https:\/\/www.fact-finder.de\/blog\/de\/wp-content\/uploads\/2017\/11\/BlackFriday_Header_840x420.png","keywords":["B2B eCommerce","Shop Betreiber","Shop-Optimierung"],"articleSection":["B2B eCommerce","B2C eCommerce","eCommerce How-to"],"inLanguage":"de","potentialAction":[{"@type":"CommentAction","name":"Comment","target":["https:\/\/www.fact-finder.de\/blog\/de\/9-facts-die-sie-ueber-den-blackfriday-wissen-sollten\/#respond"]}]},{"@type":"WebPage","@id":"https:\/\/www.fact-finder.de\/blog\/de\/9-facts-die-sie-ueber-den-blackfriday-wissen-sollten\/","url":"https:\/\/www.fact-finder.de\/blog\/de\/9-facts-die-sie-ueber-den-blackfriday-wissen-sollten\/","name":"9 Facts, die Sie \u00fcber den Black Friday wissen sollten - FactFinder blog","isPartOf":{"@id":"https:\/\/www.fact-finder.de\/blog\/de\/#website"},"primaryImageOfPage":{"@id":"https:\/\/www.fact-finder.de\/blog\/de\/9-facts-die-sie-ueber-den-blackfriday-wissen-sollten\/#primaryimage"},"image":{"@id":"https:\/\/www.fact-finder.de\/blog\/de\/9-facts-die-sie-ueber-den-blackfriday-wissen-sollten\/#primaryimage"},"thumbnailUrl":"https:\/\/www.fact-finder.de\/blog\/de\/wp-content\/uploads\/2017\/11\/BlackFriday_Header_840x420.png","datePublished":"2018-10-15T08:19:34+00:00","dateModified":"2025-02-19T16:10:35+00:00","description":"Black Friday steht vor der T\u00fcr - hier sind 9 Facts, die Shop-Betreiber f\u00fcr den beliebtesten Shopping-Tag des Jahres unbedingt wissen sollten.","breadcrumb":{"@id":"https:\/\/www.fact-finder.de\/blog\/de\/9-facts-die-sie-ueber-den-blackfriday-wissen-sollten\/#breadcrumb"},"inLanguage":"de","potentialAction":[{"@type":"ReadAction","target":["https:\/\/www.fact-finder.de\/blog\/de\/9-facts-die-sie-ueber-den-blackfriday-wissen-sollten\/"]}]},{"@type":"ImageObject","inLanguage":"de","@id":"https:\/\/www.fact-finder.de\/blog\/de\/9-facts-die-sie-ueber-den-blackfriday-wissen-sollten\/#primaryimage","url":"https:\/\/www.fact-finder.de\/blog\/de\/wp-content\/uploads\/2017\/11\/BlackFriday_Header_840x420.png","contentUrl":"https:\/\/www.fact-finder.de\/blog\/de\/wp-content\/uploads\/2017\/11\/BlackFriday_Header_840x420.png","width":840,"height":420,"caption":"BlackFriday Header 840x420"},{"@type":"BreadcrumbList","@id":"https:\/\/www.fact-finder.de\/blog\/de\/9-facts-die-sie-ueber-den-blackfriday-wissen-sollten\/#breadcrumb","itemListElement":[{"@type":"ListItem","position":1,"name":"Startseite","item":"https:\/\/www.fact-finder.de\/blog\/de\/"},{"@type":"ListItem","position":2,"name":"9 Facts, die Sie \u00fcber den Black Friday wissen sollten"}]},{"@type":"WebSite","@id":"https:\/\/www.fact-finder.de\/blog\/de\/#website","url":"https:\/\/www.fact-finder.de\/blog\/de\/","name":"FactFinder blog","description":"eCommerce Trends &amp; Insights, Tipps &amp; Tricks","publisher":{"@id":"https:\/\/www.fact-finder.de\/blog\/de\/#organization"},"potentialAction":[{"@type":"SearchAction","target":{"@type":"EntryPoint","urlTemplate":"https:\/\/www.fact-finder.de\/blog\/de\/?s={search_term_string}"},"query-input":{"@type":"PropertyValueSpecification","valueRequired":true,"valueName":"search_term_string"}}],"inLanguage":"de"},{"@type":"Organization","@id":"https:\/\/www.fact-finder.de\/blog\/de\/#organization","name":"Omikron Data Quality GmbH","url":"https:\/\/www.fact-finder.de\/blog\/de\/","logo":{"@type":"ImageObject","inLanguage":"de","@id":"https:\/\/www.fact-finder.de\/blog\/de\/#\/schema\/logo\/image\/","url":"https:\/\/www.fact-finder.de\/blog\/de\/wp-content\/uploads\/2024\/01\/fact-finder_logo.svg","contentUrl":"https:\/\/www.fact-finder.de\/blog\/de\/wp-content\/uploads\/2024\/01\/fact-finder_logo.svg","width":180,"height":52,"caption":"Omikron Data Quality GmbH"},"image":{"@id":"https:\/\/www.fact-finder.de\/blog\/de\/#\/schema\/logo\/image\/"},"sameAs":["https:\/\/www.facebook.com\/eCommerce.search","https:\/\/x.com\/fact_finder","https:\/\/www.instagram.com\/factfinder_ecommerce\/","https:\/\/www.linkedin.com\/company\/fact-finder\/","https:\/\/www.youtube.com\/user\/SearchAndNavigation"]},{"@type":"Person","@id":"https:\/\/www.fact-finder.de\/blog\/de\/#\/schema\/person\/43e5e42e5216144ca6815046b7792613","name":"Jasmin Herb","image":{"@type":"ImageObject","inLanguage":"de","@id":"https:\/\/secure.gravatar.com\/avatar\/1b2024f929cf892f9101252874fd1d3bc8d4937a578309fe88115a151fb4ace1?s=96&d=mm&r=g","url":"https:\/\/secure.gravatar.com\/avatar\/1b2024f929cf892f9101252874fd1d3bc8d4937a578309fe88115a151fb4ace1?s=96&d=mm&r=g","contentUrl":"https:\/\/secure.gravatar.com\/avatar\/1b2024f929cf892f9101252874fd1d3bc8d4937a578309fe88115a151fb4ace1?s=96&d=mm&r=g","caption":"Jasmin Herb"},"description":"Jasmin Herb ist Inbound Marketing Specialist im FACT-Finder Marketing Team. Sie ist spezialisiert in den Bereichen Social Media Marketing, Content Marketing, Search Engine Optimization \/ Search Engine Advertising, Conversion Optimization und Public Relations. Seit Ihrer T\u00e4tigkeit bei FACT-Finder, konnte Sie sich ein tiefes Verst\u00e4ndnis rund um den eCommerce, Product Data Quality, Retail Strategien, Conversion Optimierung und den aktuellsten Retail-Trends aneignen. In 2011 schloss Jasmin Ihr Studium an der Hochschule Pforzheim als Bachelor of Science f\u00fcr Marketing und Kommunikationswissenschaften ab.","sameAs":["https:\/\/de.linkedin.com\/in\/jasmin-bleich-76645677","https:\/\/x.com\/bleich_j"]}]}},"_links":{"self":[{"href":"https:\/\/www.fact-finder.de\/blog\/de\/wp-json\/wp\/v2\/posts\/1184","targetHints":{"allow":["GET"]}}],"collection":[{"href":"https:\/\/www.fact-finder.de\/blog\/de\/wp-json\/wp\/v2\/posts"}],"about":[{"href":"https:\/\/www.fact-finder.de\/blog\/de\/wp-json\/wp\/v2\/types\/post"}],"author":[{"embeddable":true,"href":"https:\/\/www.fact-finder.de\/blog\/de\/wp-json\/wp\/v2\/users\/2"}],"replies":[{"embeddable":true,"href":"https:\/\/www.fact-finder.de\/blog\/de\/wp-json\/wp\/v2\/comments?post=1184"}],"version-history":[{"count":33,"href":"https:\/\/www.fact-finder.de\/blog\/de\/wp-json\/wp\/v2\/posts\/1184\/revisions"}],"predecessor-version":[{"id":7784,"href":"https:\/\/www.fact-finder.de\/blog\/de\/wp-json\/wp\/v2\/posts\/1184\/revisions\/7784"}],"wp:featuredmedia":[{"embeddable":true,"href":"https:\/\/www.fact-finder.de\/blog\/de\/wp-json\/wp\/v2\/media\/1186"}],"wp:attachment":[{"href":"https:\/\/www.fact-finder.de\/blog\/de\/wp-json\/wp\/v2\/media?parent=1184"}],"wp:term":[{"taxonomy":"category","embeddable":true,"href":"https:\/\/www.fact-finder.de\/blog\/de\/wp-json\/wp\/v2\/categories?post=1184"},{"taxonomy":"post_tag","embeddable":true,"href":"https:\/\/www.fact-finder.de\/blog\/de\/wp-json\/wp\/v2\/tags?post=1184"}],"curies":[{"name":"wp","href":"https:\/\/api.w.org\/{rel}","templated":true}]}}